{"id":1896,"date":"2021-02-27T13:51:52","date_gmt":"2021-02-27T12:51:52","guid":{"rendered":"https:\/\/www.jwinfo.ch\/temoins-de-jehovah\/?p=1896"},"modified":"2023-09-28T15:57:20","modified_gmt":"2023-09-28T14:57:20","slug":"mondes-a-part-disponible-sur-netflix","status":"publish","type":"post","link":"https:\/\/www.jwinfo.ch\/temoins-de-jehovah\/2021\/02\/mondes-a-part-disponible-sur-netflix\/","title":{"rendered":"Mondes \u00e0 part disponible sur Netflix"},"content":{"rendered":"\n<p id=\"tw-target-text\">Mondes \u00e0 part (To Verdener \/ Worlds Apart) est un film danois de 2008 qui raconte l&rsquo;histoire de Sara, jeune T\u00e9moin de J\u00e9hovah de 17 ans. Celui-ci est bas\u00e9 sur une histoire r\u00e9elle. Il aborde les th\u00e8mes suivants: <\/p>\n\n\n\n<ul class=\"wp-block-list\">\n<li>L&rsquo;amour extra-religieux<\/li>\n\n\n\n<li><a href=\"https:\/\/www.jwinfo.ch\/temoins-de-jehovah\/polemiques\/ostracisme\/\">L&rsquo;excommunication<\/a> et la cruaut\u00e9 de cette terrible mesure<\/li>\n\n\n\n<li>Le contr\u00f4le et la pression de l&rsquo;organisation des T\u00e9moins de J\u00e9hovah sur ses membres<\/li>\n\n\n\n<li>Le pouvoir des anciens (poste \u00e0 responsabilit\u00e9s) et les interrogatoires qu&rsquo;ils pratiquent sur des sujets intimes et personnels<\/li>\n\n\n\n<li>Devoir feindre ses croyances afin de ne pas subir l&rsquo;excommunication et la perte de ses proches <\/li>\n\n\n\n<li>Le r\u00e9veil progressif d&rsquo;une jeune fille<\/li>\n\n\n\n<li>Les transfusions de sang<\/li>\n\n\n\n<li>L&rsquo;interdiction d&rsquo;acc\u00e9der \u00e0 certaines litt\u00e9ratures<\/li>\n\n\n\n<li>Les \u00e9tudes par rapport \u00e0 la d\u00e9votion envers l&rsquo;organisation<\/li>\n<\/ul>\n\n\n\n<p>Il est donc disponible en sous-titr\u00e9 FR sur netflix <a href=\"https:\/\/www.netflix.com\/ch-fr\/title\/70295564\" target=\"_blank\" rel=\"noreferrer noopener\">ici<\/a><\/p>\n\n\n\n<p>Vous pouvez voir aussi la bande annonce en danois sur YouTube:<\/p>\n\n\n\n<figure class=\"wp-block-embed is-type-video is-provider-youtube wp-block-embed-youtube wp-embed-aspect-16-9 wp-has-aspect-ratio\"><div class=\"wp-block-embed__wrapper\">\n<iframe title=\"To Verdener Trailer\" width=\"640\" height=\"360\" src=\"https:\/\/www.youtube.com\/embed\/ITrKVVnSaAc?feature=oembed\" frameborder=\"0\" allow=\"accelerometer; autoplay; clipboard-write; encrypted-media; gyroscope; picture-in-picture; web-share\" referrerpolicy=\"strict-origin-when-cross-origin\" allowfullscreen><\/iframe>\n<\/div><\/figure>\n","protected":false},"excerpt":{"rendered":"<p>Mondes \u00e0 part (To Verdener \/ Worlds Apart) est un film danois de 2008 qui raconte l&rsquo;histoire de Sara, jeune T\u00e9moin de J\u00e9hovah de 17<\/p>\n","protected":false},"author":1,"featured_media":4322,"comment_status":"closed","ping_status":"open","sticky":false,"template":"","format":"standard","meta":{"footnotes":""},"categories":[89,32,33],"tags":[],"ppma_author":[69],"class_list":["post-1896","post","type-post","status-publish","format-standard","has-post-thumbnail","hentry","category-actualite","category-films","category-ostracisme","author-chris"],"yoast_head":"<!-- This site is optimized with the Yoast SEO plugin v27.5 - https:\/\/yoast.com\/product\/yoast-seo-wordpress\/ -->\n<title>Mondes \u00e0 part - Film sur les T\u00e9moins de J\u00e9hovah disponible sur Netflix<\/title>\n<meta name=\"description\" content=\"Worlds Apart est un film Danois de 2008 qui raconte l&#039;histoire de Sara, jeune T\u00e9moin de J\u00e9hovah de 17 ans disponible sur Netflix\" \/>\n<meta name=\"robots\" content=\"index, follow, max-snippet:-1, max-image-preview:large, max-video-preview:-1\" \/>\n<link rel=\"canonical\" href=\"https:\/\/www.jwinfo.ch\/temoins-de-jehovah\/2021\/02\/mondes-a-part-disponible-sur-netflix\/\" \/>\n<meta property=\"og:locale\" content=\"fr_FR\" \/>\n<meta property=\"og:type\" content=\"article\" \/>\n<meta property=\"og:title\" content=\"Mondes \u00e0 part - Film sur les T\u00e9moins de J\u00e9hovah disponible sur Netflix\" \/>\n<meta property=\"og:description\" content=\"Worlds Apart est un film Danois de 2008 qui raconte l&#039;histoire de Sara, jeune T\u00e9moin de J\u00e9hovah de 17 ans disponible sur Netflix\" \/>\n<meta property=\"og:url\" content=\"https:\/\/www.jwinfo.ch\/temoins-de-jehovah\/2021\/02\/mondes-a-part-disponible-sur-netflix\/\" \/>\n<meta property=\"og:site_name\" content=\"JW info\" \/>\n<meta property=\"article:published_time\" content=\"2021-02-27T12:51:52+00:00\" \/>\n<meta property=\"article:modified_time\" content=\"2023-09-28T14:57:20+00:00\" \/>\n<meta property=\"og:image\" content=\"https:\/\/www.jwinfo.ch\/wp-content\/uploads\/2021\/02\/to_verdener.png\" \/>\n\t<meta property=\"og:image:width\" content=\"1200\" \/>\n\t<meta property=\"og:image:height\" content=\"628\" \/>\n\t<meta property=\"og:image:type\" content=\"image\/png\" \/>\n<meta name=\"author\" content=\"Christophe\" \/>\n<meta name=\"twitter:card\" content=\"summary_large_image\" \/>\n<meta name=\"twitter:title\" content=\"Mondes \u00e0 part - Film sur les T\u00e9moins de J\u00e9hovah disponible sur Netflix\" \/>\n<meta name=\"twitter:description\" content=\"Worlds Apart est un film Danois de 2008 qui raconte l&#039;histoire de Sara, jeune T\u00e9moin de J\u00e9hovah de 17 ans disponible sur Netflix\" \/>\n<meta name=\"twitter:image\" content=\"https:\/\/www.jwinfo.ch\/wp-content\/uploads\/2021\/02\/to_verdener.png\" \/>\n<meta name=\"twitter:label1\" content=\"\u00c9crit par\" \/>\n\t<meta name=\"twitter:data1\" content=\"Christophe\" \/>\n\t<meta name=\"twitter:label2\" content=\"Dur\u00e9e de lecture estim\u00e9e\" \/>\n\t<meta name=\"twitter:data2\" content=\"1 minute\" \/>\n<script type=\"application\/ld+json\" class=\"yoast-schema-graph\">{\"@context\":\"https:\\\/\\\/schema.org\",\"@graph\":[{\"@type\":\"Article\",\"@id\":\"https:\\\/\\\/www.jwinfo.ch\\\/temoins-de-jehovah\\\/2021\\\/02\\\/mondes-a-part-disponible-sur-netflix\\\/#article\",\"isPartOf\":{\"@id\":\"https:\\\/\\\/www.jwinfo.ch\\\/temoins-de-jehovah\\\/2021\\\/02\\\/mondes-a-part-disponible-sur-netflix\\\/\"},\"author\":{\"name\":\"Christophe\",\"@id\":\"https:\\\/\\\/www.jwinfo.ch\\\/temoins-de-jehovah\\\/#\\\/schema\\\/person\\\/09619885fb635859b3bb3ce9b9be60c6\"},\"headline\":\"Mondes \u00e0 part disponible sur Netflix\",\"datePublished\":\"2021-02-27T12:51:52+00:00\",\"dateModified\":\"2023-09-28T14:57:20+00:00\",\"mainEntityOfPage\":{\"@id\":\"https:\\\/\\\/www.jwinfo.ch\\\/temoins-de-jehovah\\\/2021\\\/02\\\/mondes-a-part-disponible-sur-netflix\\\/\"},\"wordCount\":169,\"publisher\":{\"@id\":\"https:\\\/\\\/www.jwinfo.ch\\\/temoins-de-jehovah\\\/#\\\/schema\\\/person\\\/f12be02b67245c15c4aa98d63006b08e\"},\"image\":{\"@id\":\"https:\\\/\\\/www.jwinfo.ch\\\/temoins-de-jehovah\\\/2021\\\/02\\\/mondes-a-part-disponible-sur-netflix\\\/#primaryimage\"},\"thumbnailUrl\":\"https:\\\/\\\/www.jwinfo.ch\\\/wp-content\\\/uploads\\\/2021\\\/02\\\/to_verdener.png\",\"articleSection\":[\"Actualit\u00e9\",\"Films\",\"Ostracisme\"],\"inLanguage\":\"fr-FR\"},{\"@type\":\"WebPage\",\"@id\":\"https:\\\/\\\/www.jwinfo.ch\\\/temoins-de-jehovah\\\/2021\\\/02\\\/mondes-a-part-disponible-sur-netflix\\\/\",\"url\":\"https:\\\/\\\/www.jwinfo.ch\\\/temoins-de-jehovah\\\/2021\\\/02\\\/mondes-a-part-disponible-sur-netflix\\\/\",\"name\":\"Mondes \u00e0 part - Film sur les T\u00e9moins de J\u00e9hovah disponible sur Netflix\",\"isPartOf\":{\"@id\":\"https:\\\/\\\/www.jwinfo.ch\\\/temoins-de-jehovah\\\/#website\"},\"primaryImageOfPage\":{\"@id\":\"https:\\\/\\\/www.jwinfo.ch\\\/temoins-de-jehovah\\\/2021\\\/02\\\/mondes-a-part-disponible-sur-netflix\\\/#primaryimage\"},\"image\":{\"@id\":\"https:\\\/\\\/www.jwinfo.ch\\\/temoins-de-jehovah\\\/2021\\\/02\\\/mondes-a-part-disponible-sur-netflix\\\/#primaryimage\"},\"thumbnailUrl\":\"https:\\\/\\\/www.jwinfo.ch\\\/wp-content\\\/uploads\\\/2021\\\/02\\\/to_verdener.png\",\"datePublished\":\"2021-02-27T12:51:52+00:00\",\"dateModified\":\"2023-09-28T14:57:20+00:00\",\"description\":\"Worlds Apart est un film Danois de 2008 qui raconte l'histoire de Sara, jeune T\u00e9moin de J\u00e9hovah de 17 ans disponible sur Netflix\",\"breadcrumb\":{\"@id\":\"https:\\\/\\\/www.jwinfo.ch\\\/temoins-de-jehovah\\\/2021\\\/02\\\/mondes-a-part-disponible-sur-netflix\\\/#breadcrumb\"},\"inLanguage\":\"fr-FR\",\"potentialAction\":[{\"@type\":\"ReadAction\",\"target\":[\"https:\\\/\\\/www.jwinfo.ch\\\/temoins-de-jehovah\\\/2021\\\/02\\\/mondes-a-part-disponible-sur-netflix\\\/\"]}]},{\"@type\":\"ImageObject\",\"inLanguage\":\"fr-FR\",\"@id\":\"https:\\\/\\\/www.jwinfo.ch\\\/temoins-de-jehovah\\\/2021\\\/02\\\/mondes-a-part-disponible-sur-netflix\\\/#primaryimage\",\"url\":\"https:\\\/\\\/www.jwinfo.ch\\\/wp-content\\\/uploads\\\/2021\\\/02\\\/to_verdener.png\",\"contentUrl\":\"https:\\\/\\\/www.jwinfo.ch\\\/wp-content\\\/uploads\\\/2021\\\/02\\\/to_verdener.png\",\"width\":1200,\"height\":628,\"caption\":\"To Verdener - Mondes \u00e0 part - Film sur les T\u00e9moins de J\u00e9hovah\"},{\"@type\":\"BreadcrumbList\",\"@id\":\"https:\\\/\\\/www.jwinfo.ch\\\/temoins-de-jehovah\\\/2021\\\/02\\\/mondes-a-part-disponible-sur-netflix\\\/#breadcrumb\",\"itemListElement\":[{\"@type\":\"ListItem\",\"position\":1,\"name\":\"Accueil\",\"item\":\"https:\\\/\\\/www.jwinfo.ch\\\/temoins-de-jehovah\\\/\"},{\"@type\":\"ListItem\",\"position\":2,\"name\":\"Mondes \u00e0 part disponible sur Netflix\"}]},{\"@type\":\"WebSite\",\"@id\":\"https:\\\/\\\/www.jwinfo.ch\\\/temoins-de-jehovah\\\/#website\",\"url\":\"https:\\\/\\\/www.jwinfo.ch\\\/temoins-de-jehovah\\\/\",\"name\":\"JW info\",\"description\":\"Des faits pour comprendre l&#039;organisation et la doctrine des T\u00e9moins de J\u00e9hovah\",\"publisher\":{\"@id\":\"https:\\\/\\\/www.jwinfo.ch\\\/temoins-de-jehovah\\\/#\\\/schema\\\/person\\\/f12be02b67245c15c4aa98d63006b08e\"},\"potentialAction\":[{\"@type\":\"SearchAction\",\"target\":{\"@type\":\"EntryPoint\",\"urlTemplate\":\"https:\\\/\\\/www.jwinfo.ch\\\/temoins-de-jehovah\\\/?s={search_term_string}\"},\"query-input\":{\"@type\":\"PropertyValueSpecification\",\"valueRequired\":true,\"valueName\":\"search_term_string\"}}],\"inLanguage\":\"fr-FR\"},{\"@type\":[\"Person\",\"Organization\"],\"@id\":\"https:\\\/\\\/www.jwinfo.ch\\\/temoins-de-jehovah\\\/#\\\/schema\\\/person\\\/f12be02b67245c15c4aa98d63006b08e\",\"name\":\"John Kucholl\",\"image\":{\"@type\":\"ImageObject\",\"inLanguage\":\"fr-FR\",\"@id\":\"https:\\\/\\\/secure.gravatar.com\\\/avatar\\\/f888e098f40f239395aac1fa5786df248e31c63f52895b4e4306f61faf896cf2?s=96&d=retro&r=g\",\"url\":\"https:\\\/\\\/secure.gravatar.com\\\/avatar\\\/f888e098f40f239395aac1fa5786df248e31c63f52895b4e4306f61faf896cf2?s=96&d=retro&r=g\",\"contentUrl\":\"https:\\\/\\\/secure.gravatar.com\\\/avatar\\\/f888e098f40f239395aac1fa5786df248e31c63f52895b4e4306f61faf896cf2?s=96&d=retro&r=g\",\"caption\":\"John Kucholl\"},\"logo\":{\"@id\":\"https:\\\/\\\/secure.gravatar.com\\\/avatar\\\/f888e098f40f239395aac1fa5786df248e31c63f52895b4e4306f61faf896cf2?s=96&d=retro&r=g\"}},{\"@type\":\"Person\",\"@id\":\"https:\\\/\\\/www.jwinfo.ch\\\/temoins-de-jehovah\\\/#\\\/schema\\\/person\\\/09619885fb635859b3bb3ce9b9be60c6\",\"name\":\"Christophe\",\"image\":{\"@type\":\"ImageObject\",\"inLanguage\":\"fr-FR\",\"@id\":\"https:\\\/\\\/www.jwinfo.ch\\\/wp-content\\\/uploads\\\/2025\\\/06\\\/cropped-Kirito-sword-art-online-31698905-1280-720-96x96.webp0b4f592906a5a69539295448288e4ba4\",\"url\":\"https:\\\/\\\/www.jwinfo.ch\\\/wp-content\\\/uploads\\\/2025\\\/06\\\/cropped-Kirito-sword-art-online-31698905-1280-720-96x96.webp\",\"contentUrl\":\"https:\\\/\\\/www.jwinfo.ch\\\/wp-content\\\/uploads\\\/2025\\\/06\\\/cropped-Kirito-sword-art-online-31698905-1280-720-96x96.webp\",\"caption\":\"Christophe\"},\"description\":\"J'ai grandi dans l'environnement des T\u00e9moins de J\u00e9hovah. Je me suis fait baptiser \u00e0 l'\u00e2ge de 16 ans, puis je me suis retir\u00e9 volontairement \u00e0 l'\u00e2ge de 37 ans, \u00e0 la suite d'une grande remise en question et d'intenses recherches, compil\u00e9es sur ce site. Etant passionn\u00e9 dans le m\u00e9tier de l'informatique, je voulais aussi offrir un site ergonomique. J'ai d\u00e9cid\u00e9 de conscientiser autour de ce sujet avec une approche constructive et objective, ne gardant de loin pas que de mauvais souvenirs, m\u00eame si mon cercle social c'est dramatiquement r\u00e9duit depuis. Aujourd'hui agnostique, je pr\u00e9f\u00e8re profiter de l'instant pr\u00e9sent, sans pr\u00e9jug\u00e9s ni biais. Mon cr\u00e9do? \\\"Refaites vos choix\\\", tir\u00e9 du roman Hyperion de Dan Simmons. Autrement dit, d'avoir la capacit\u00e9 et le plaisir de se remettre en question r\u00e9guli\u00e8rement, pour refaire un m\u00eame choix ou de changer de direction si n\u00e9cessaire.\",\"sameAs\":[\"https:\\\/\\\/www.jwinfo.ch\\\/temoins-de-jehovah\\\/\"]}]}<\/script>\n<!-- \/ Yoast SEO plugin. -->","yoast_head_json":{"title":"Mondes \u00e0 part - Film sur les T\u00e9moins de J\u00e9hovah disponible sur Netflix","description":"Worlds Apart est un film Danois de 2008 qui raconte l'histoire de Sara, jeune T\u00e9moin de J\u00e9hovah de 17 ans disponible sur Netflix","robots":{"index":"index","follow":"follow","max-snippet":"max-snippet:-1","max-image-preview":"max-image-preview:large","max-video-preview":"max-video-preview:-1"},"canonical":"https:\/\/www.jwinfo.ch\/temoins-de-jehovah\/2021\/02\/mondes-a-part-disponible-sur-netflix\/","og_locale":"fr_FR","og_type":"article","og_title":"Mondes \u00e0 part - Film sur les T\u00e9moins de J\u00e9hovah disponible sur Netflix","og_description":"Worlds Apart est un film Danois de 2008 qui raconte l'histoire de Sara, jeune T\u00e9moin de J\u00e9hovah de 17 ans disponible sur Netflix","og_url":"https:\/\/www.jwinfo.ch\/temoins-de-jehovah\/2021\/02\/mondes-a-part-disponible-sur-netflix\/","og_site_name":"JW info","article_published_time":"2021-02-27T12:51:52+00:00","article_modified_time":"2023-09-28T14:57:20+00:00","og_image":[{"width":1200,"height":628,"url":"https:\/\/www.jwinfo.ch\/wp-content\/uploads\/2021\/02\/to_verdener.png","type":"image\/png"}],"author":"Christophe","twitter_card":"summary_large_image","twitter_title":"Mondes \u00e0 part - Film sur les T\u00e9moins de J\u00e9hovah disponible sur Netflix","twitter_description":"Worlds Apart est un film Danois de 2008 qui raconte l'histoire de Sara, jeune T\u00e9moin de J\u00e9hovah de 17 ans disponible sur Netflix","twitter_image":"https:\/\/www.jwinfo.ch\/wp-content\/uploads\/2021\/02\/to_verdener.png","twitter_misc":{"\u00c9crit par":"Christophe","Dur\u00e9e de lecture estim\u00e9e":"1 minute"},"schema":{"@context":"https:\/\/schema.org","@graph":[{"@type":"Article","@id":"https:\/\/www.jwinfo.ch\/temoins-de-jehovah\/2021\/02\/mondes-a-part-disponible-sur-netflix\/#article","isPartOf":{"@id":"https:\/\/www.jwinfo.ch\/temoins-de-jehovah\/2021\/02\/mondes-a-part-disponible-sur-netflix\/"},"author":{"name":"Christophe","@id":"https:\/\/www.jwinfo.ch\/temoins-de-jehovah\/#\/schema\/person\/09619885fb635859b3bb3ce9b9be60c6"},"headline":"Mondes \u00e0 part disponible sur Netflix","datePublished":"2021-02-27T12:51:52+00:00","dateModified":"2023-09-28T14:57:20+00:00","mainEntityOfPage":{"@id":"https:\/\/www.jwinfo.ch\/temoins-de-jehovah\/2021\/02\/mondes-a-part-disponible-sur-netflix\/"},"wordCount":169,"publisher":{"@id":"https:\/\/www.jwinfo.ch\/temoins-de-jehovah\/#\/schema\/person\/f12be02b67245c15c4aa98d63006b08e"},"image":{"@id":"https:\/\/www.jwinfo.ch\/temoins-de-jehovah\/2021\/02\/mondes-a-part-disponible-sur-netflix\/#primaryimage"},"thumbnailUrl":"https:\/\/www.jwinfo.ch\/wp-content\/uploads\/2021\/02\/to_verdener.png","articleSection":["Actualit\u00e9","Films","Ostracisme"],"inLanguage":"fr-FR"},{"@type":"WebPage","@id":"https:\/\/www.jwinfo.ch\/temoins-de-jehovah\/2021\/02\/mondes-a-part-disponible-sur-netflix\/","url":"https:\/\/www.jwinfo.ch\/temoins-de-jehovah\/2021\/02\/mondes-a-part-disponible-sur-netflix\/","name":"Mondes \u00e0 part - Film sur les T\u00e9moins de J\u00e9hovah disponible sur Netflix","isPartOf":{"@id":"https:\/\/www.jwinfo.ch\/temoins-de-jehovah\/#website"},"primaryImageOfPage":{"@id":"https:\/\/www.jwinfo.ch\/temoins-de-jehovah\/2021\/02\/mondes-a-part-disponible-sur-netflix\/#primaryimage"},"image":{"@id":"https:\/\/www.jwinfo.ch\/temoins-de-jehovah\/2021\/02\/mondes-a-part-disponible-sur-netflix\/#primaryimage"},"thumbnailUrl":"https:\/\/www.jwinfo.ch\/wp-content\/uploads\/2021\/02\/to_verdener.png","datePublished":"2021-02-27T12:51:52+00:00","dateModified":"2023-09-28T14:57:20+00:00","description":"Worlds Apart est un film Danois de 2008 qui raconte l'histoire de Sara, jeune T\u00e9moin de J\u00e9hovah de 17 ans disponible sur Netflix","breadcrumb":{"@id":"https:\/\/www.jwinfo.ch\/temoins-de-jehovah\/2021\/02\/mondes-a-part-disponible-sur-netflix\/#breadcrumb"},"inLanguage":"fr-FR","potentialAction":[{"@type":"ReadAction","target":["https:\/\/www.jwinfo.ch\/temoins-de-jehovah\/2021\/02\/mondes-a-part-disponible-sur-netflix\/"]}]},{"@type":"ImageObject","inLanguage":"fr-FR","@id":"https:\/\/www.jwinfo.ch\/temoins-de-jehovah\/2021\/02\/mondes-a-part-disponible-sur-netflix\/#primaryimage","url":"https:\/\/www.jwinfo.ch\/wp-content\/uploads\/2021\/02\/to_verdener.png","contentUrl":"https:\/\/www.jwinfo.ch\/wp-content\/uploads\/2021\/02\/to_verdener.png","width":1200,"height":628,"caption":"To Verdener - Mondes \u00e0 part - Film sur les T\u00e9moins de J\u00e9hovah"},{"@type":"BreadcrumbList","@id":"https:\/\/www.jwinfo.ch\/temoins-de-jehovah\/2021\/02\/mondes-a-part-disponible-sur-netflix\/#breadcrumb","itemListElement":[{"@type":"ListItem","position":1,"name":"Accueil","item":"https:\/\/www.jwinfo.ch\/temoins-de-jehovah\/"},{"@type":"ListItem","position":2,"name":"Mondes \u00e0 part disponible sur Netflix"}]},{"@type":"WebSite","@id":"https:\/\/www.jwinfo.ch\/temoins-de-jehovah\/#website","url":"https:\/\/www.jwinfo.ch\/temoins-de-jehovah\/","name":"JW info","description":"Des faits pour comprendre l&#039;organisation et la doctrine des T\u00e9moins de J\u00e9hovah","publisher":{"@id":"https:\/\/www.jwinfo.ch\/temoins-de-jehovah\/#\/schema\/person\/f12be02b67245c15c4aa98d63006b08e"},"potentialAction":[{"@type":"SearchAction","target":{"@type":"EntryPoint","urlTemplate":"https:\/\/www.jwinfo.ch\/temoins-de-jehovah\/?s={search_term_string}"},"query-input":{"@type":"PropertyValueSpecification","valueRequired":true,"valueName":"search_term_string"}}],"inLanguage":"fr-FR"},{"@type":["Person","Organization"],"@id":"https:\/\/www.jwinfo.ch\/temoins-de-jehovah\/#\/schema\/person\/f12be02b67245c15c4aa98d63006b08e","name":"John Kucholl","image":{"@type":"ImageObject","inLanguage":"fr-FR","@id":"https:\/\/secure.gravatar.com\/avatar\/f888e098f40f239395aac1fa5786df248e31c63f52895b4e4306f61faf896cf2?s=96&d=retro&r=g","url":"https:\/\/secure.gravatar.com\/avatar\/f888e098f40f239395aac1fa5786df248e31c63f52895b4e4306f61faf896cf2?s=96&d=retro&r=g","contentUrl":"https:\/\/secure.gravatar.com\/avatar\/f888e098f40f239395aac1fa5786df248e31c63f52895b4e4306f61faf896cf2?s=96&d=retro&r=g","caption":"John Kucholl"},"logo":{"@id":"https:\/\/secure.gravatar.com\/avatar\/f888e098f40f239395aac1fa5786df248e31c63f52895b4e4306f61faf896cf2?s=96&d=retro&r=g"}},{"@type":"Person","@id":"https:\/\/www.jwinfo.ch\/temoins-de-jehovah\/#\/schema\/person\/09619885fb635859b3bb3ce9b9be60c6","name":"Christophe","image":{"@type":"ImageObject","inLanguage":"fr-FR","@id":"https:\/\/www.jwinfo.ch\/wp-content\/uploads\/2025\/06\/cropped-Kirito-sword-art-online-31698905-1280-720-96x96.webp0b4f592906a5a69539295448288e4ba4","url":"https:\/\/www.jwinfo.ch\/wp-content\/uploads\/2025\/06\/cropped-Kirito-sword-art-online-31698905-1280-720-96x96.webp","contentUrl":"https:\/\/www.jwinfo.ch\/wp-content\/uploads\/2025\/06\/cropped-Kirito-sword-art-online-31698905-1280-720-96x96.webp","caption":"Christophe"},"description":"J'ai grandi dans l'environnement des T\u00e9moins de J\u00e9hovah. Je me suis fait baptiser \u00e0 l'\u00e2ge de 16 ans, puis je me suis retir\u00e9 volontairement \u00e0 l'\u00e2ge de 37 ans, \u00e0 la suite d'une grande remise en question et d'intenses recherches, compil\u00e9es sur ce site. Etant passionn\u00e9 dans le m\u00e9tier de l'informatique, je voulais aussi offrir un site ergonomique. J'ai d\u00e9cid\u00e9 de conscientiser autour de ce sujet avec une approche constructive et objective, ne gardant de loin pas que de mauvais souvenirs, m\u00eame si mon cercle social c'est dramatiquement r\u00e9duit depuis. Aujourd'hui agnostique, je pr\u00e9f\u00e8re profiter de l'instant pr\u00e9sent, sans pr\u00e9jug\u00e9s ni biais. Mon cr\u00e9do? \"Refaites vos choix\", tir\u00e9 du roman Hyperion de Dan Simmons. Autrement dit, d'avoir la capacit\u00e9 et le plaisir de se remettre en question r\u00e9guli\u00e8rement, pour refaire un m\u00eame choix ou de changer de direction si n\u00e9cessaire.","sameAs":["https:\/\/www.jwinfo.ch\/temoins-de-jehovah\/"]}]}},"authors":[{"term_id":69,"user_id":1,"is_guest":0,"slug":"chris","display_name":"Christophe","avatar_url":"https:\/\/www.jwinfo.ch\/wp-content\/uploads\/2025\/06\/cropped-Kirito-sword-art-online-31698905-1280-720-96x96.webp","0":null,"1":"","2":"","3":"","4":"","5":"","6":"","7":"","8":""}],"_links":{"self":[{"href":"https:\/\/www.jwinfo.ch\/temoins-de-jehovah\/wp-json\/wp\/v2\/posts\/1896","targetHints":{"allow":["GET"]}}],"collection":[{"href":"https:\/\/www.jwinfo.ch\/temoins-de-jehovah\/wp-json\/wp\/v2\/posts"}],"about":[{"href":"https:\/\/www.jwinfo.ch\/temoins-de-jehovah\/wp-json\/wp\/v2\/types\/post"}],"author":[{"embeddable":true,"href":"https:\/\/www.jwinfo.ch\/temoins-de-jehovah\/wp-json\/wp\/v2\/users\/1"}],"replies":[{"embeddable":true,"href":"https:\/\/www.jwinfo.ch\/temoins-de-jehovah\/wp-json\/wp\/v2\/comments?post=1896"}],"version-history":[{"count":12,"href":"https:\/\/www.jwinfo.ch\/temoins-de-jehovah\/wp-json\/wp\/v2\/posts\/1896\/revisions"}],"predecessor-version":[{"id":6289,"href":"https:\/\/www.jwinfo.ch\/temoins-de-jehovah\/wp-json\/wp\/v2\/posts\/1896\/revisions\/6289"}],"wp:featuredmedia":[{"embeddable":true,"href":"https:\/\/www.jwinfo.ch\/temoins-de-jehovah\/wp-json\/wp\/v2\/media\/4322"}],"wp:attachment":[{"href":"https:\/\/www.jwinfo.ch\/temoins-de-jehovah\/wp-json\/wp\/v2\/media?parent=1896"}],"wp:term":[{"taxonomy":"category","embeddable":true,"href":"https:\/\/www.jwinfo.ch\/temoins-de-jehovah\/wp-json\/wp\/v2\/categories?post=1896"},{"taxonomy":"post_tag","embeddable":true,"href":"https:\/\/www.jwinfo.ch\/temoins-de-jehovah\/wp-json\/wp\/v2\/tags?post=1896"},{"taxonomy":"author","embeddable":true,"href":"https:\/\/www.jwinfo.ch\/temoins-de-jehovah\/wp-json\/wp\/v2\/ppma_author?post=1896"}],"curies":[{"name":"wp","href":"https:\/\/api.w.org\/{rel}","templated":true}]}}