{"id":2080,"date":"2021-06-08T08:00:16","date_gmt":"2021-06-08T07:00:16","guid":{"rendered":"https:\/\/www.jwinfo.ch\/temoins-de-jehovah\/?p=2080"},"modified":"2023-09-28T15:57:01","modified_gmt":"2023-09-28T14:57:01","slug":"la-cour-regionale-de-zurich-donne-raison-a-une-experte-en-sectes-sur-sa-critique-severe-envers-les-temoins-de-jehovah-dans-le-tages-anzeiger","status":"publish","type":"post","link":"https:\/\/www.jwinfo.ch\/temoins-de-jehovah\/2021\/06\/la-cour-regionale-de-zurich-donne-raison-a-une-experte-en-sectes-sur-sa-critique-severe-envers-les-temoins-de-jehovah-dans-le-tages-anzeiger\/","title":{"rendered":"Le tribunal de district de Zurich donne raison \u00e0 une experte en sectes sur sa critique s\u00e9v\u00e8re envers les T\u00e9moins de J\u00e9hovah dans le Tages Anzeiger"},"content":{"rendered":"\n<p>\u00ab\u00a0Les T\u00e9moins de J\u00e9hovah d\u00e9chirent les familles\u00a0\u00bb. Regina Spiess, psychologue Suisse, dans un article du Tages Anzeiger, a d\u00e9nonc\u00e9 en 2015 les d\u00e9rives sectaires chez les T\u00e9moins de J\u00e9hovah.  En juillet 2019, le tribunal de district de Zurich a acquitt\u00e9 Regina Spiess de toutes les accusations de diffamation port\u00e9es par l&rsquo;Association des T\u00e9moins de J\u00e9hovah.<\/p>\n\n\n\n<p>Voici ce qu&rsquo;elle dit dans cet article du Tages Anzeiger&nbsp;: <\/p>\n\n\n\n<h3 class=\"wp-block-heading\">Concernant l&rsquo;ostracisme<\/h3>\n\n\n\n<ul class=\"wp-block-list\">\n<li>La communaut\u00e9 exige des membres de <a href=\"https:\/\/www.jwinfo.ch\/temoins-de-jehovah\/polemiques\/ostracisme\/\">rompre le contact<\/a> avec les exclus<\/li>\n\n\n\n<li>La pratique est contraire aux droits de l&rsquo;homme \u00e0 cause des \u00e9normes souffrances qu&rsquo;elle provoque<\/li>\n\n\n\n<li>L&rsquo;exclusion signifie la perte de tout l&rsquo;environnement social&nbsp;: famille, amis et connaissances<\/li>\n\n\n\n<li>Il n&rsquo;y a pratiquement pas de famille T\u00e9moins de J\u00e9hovah n&rsquo;ayant pas un membre exclu<\/li>\n\n\n\n<li>En gardant secr\u00e8tement le contact avec un exclu, un T\u00e9moin de J\u00e9hovah risque d&rsquo;\u00eatre lui-m\u00eame exclu<\/li>\n\n\n\n<li>Les TJ justifient l&rsquo;ostracisme pour \u00ab\u00a0Maintenir la puret\u00e9\u00a0\u00bb de l&rsquo;organisation et des p\u00eacheurs qui pourraient infecter les autres<\/li>\n\n\n\n<li>Des familles sont d\u00e9chir\u00e9es par cette pratique \u00e0 cause d&rsquo;une pression ext\u00e9rieure<\/li>\n\n\n\n<li>Les jeunes peuvent \u00eatre excommuni\u00e9s par exemple dans les cas suivants&nbsp;:\n<ul class=\"wp-block-list\">\n<li>continuer \u00e0 fumer<\/li>\n\n\n\n<li>tomber amoureux d&rsquo;un non-T\u00e9moin <\/li>\n\n\n\n<li>ne pas adh\u00e9rer \u00e0 un commandement par exemple avoir des relations sexuelles avant le mariage<\/li>\n<\/ul>\n<\/li>\n<\/ul>\n\n\n\n<h3 class=\"wp-block-heading\">Concernant les mineurs<\/h3>\n\n\n\n<ul class=\"wp-block-list\">\n<li>Ils vivent dans un monde parall\u00e8le<\/li>\n\n\n\n<li>Ils apprennent que le monde est gouvern\u00e9 par Satan<\/li>\n\n\n\n<li>Tout est mondain&nbsp;: anniversaires, politique, sport<\/li>\n\n\n\n<li>Ils sont expos\u00e9s \u00e0 des images d&rsquo;Armageddon, de lapidation et d&rsquo;autres atrocit\u00e9s. Le message est que celui qui d\u00e9sob\u00e9i meurt<\/li>\n\n\n\n<li>La peur de l&rsquo;an\u00e9antissement est centrale pour eux<\/li>\n<\/ul>\n\n\n\n<h3 class=\"wp-block-heading\">Concernant les cas d&rsquo;abus sexuels<\/h3>\n\n\n\n<ul class=\"wp-block-list\">\n<li>Il existe une r\u00e8gle des deux t\u00e9moins qui favorise les abus sexuels<\/li>\n\n\n\n<li>Un abus sexuel envers un enfant ne doit faire l&rsquo;objet d&rsquo;une enqu\u00eate que s&rsquo;il y a au moins deux T\u00e9moins<\/li>\n\n\n\n<li>Si l&rsquo;abus n&rsquo;est pas prouv\u00e9 par deux T\u00e9moins,  l&rsquo;affaire est remise entre les mains de J\u00e9hovah et la victime doit se taire au risque de se faire expulser<\/li>\n<\/ul>\n\n\n\n<p>Sources:<\/p>\n\n\n\n<ul class=\"wp-block-list\">\n<li>Communiqu\u00e9 de presse de InfoSekta : <a href=\"https:\/\/www.jwinfo.ch\/wp-content\/uploads\/2021\/06\/swiss-judgment-infosekta.pdf\" target=\"_blank\" rel=\"noreferrer noopener\">original en anglais<\/a> | <a href=\"https:\/\/www.jwinfo.ch\/wp-content\/uploads\/2021\/06\/jugement-suisse-infosekta-fr.pdf\" target=\"_blank\" rel=\"noreferrer noopener\">traduction en fran\u00e7ais<\/a><\/li>\n\n\n\n<li>Tages Anzeiger &#8211; <a href=\"https:\/\/www.jwinfo.ch\/wp-content\/uploads\/2021\/06\/TagesAnzeiger-Zeugen-Jehovas-reissen-Familien-auseinander.pdf\" target=\"_blank\" rel=\"noreferrer noopener\">original en allemand<\/a> | <a href=\"https:\/\/www.jwinfo.ch\/wp-content\/uploads\/2021\/06\/TagesAnzeiger-Les-Temoins-de-Jehovah-dechirent-des-familles.pdf\" target=\"_blank\" rel=\"noreferrer noopener\">traduction en fran\u00e7ais<\/a> <\/li>\n\n\n\n<li><a href=\"https:\/\/jz.help\/en\/court-confirms-severe-criticism-of-jehovahs-witnesses-is-justified\/\" target=\"_blank\" rel=\"noreferrer noopener\">jz.help<\/a><\/li>\n<\/ul>\n","protected":false},"excerpt":{"rendered":"<p>\u00ab\u00a0Les T\u00e9moins de J\u00e9hovah d\u00e9chirent les familles\u00a0\u00bb. Regina Spiess, psychologue Suisse, dans un article du Tages Anzeiger, a d\u00e9nonc\u00e9 en 2015 les d\u00e9rives sectaires chez<\/p>\n","protected":false},"author":1,"featured_media":4282,"comment_status":"closed","ping_status":"open","sticky":false,"template":"","format":"standard","meta":{"footnotes":""},"categories":[89,53,33,36],"tags":[],"ppma_author":[69],"class_list":["post-2080","post","type-post","status-publish","format-standard","has-post-thumbnail","hentry","category-actualite","category-decisions-de-justice","category-ostracisme","category-suisse","author-chris"],"yoast_head":"<!-- This site is optimized with the Yoast SEO plugin v27.5 - https:\/\/yoast.com\/product\/yoast-seo-wordpress\/ -->\n<title>Jugement in\u00e9dit en Suisse envers les T\u00e9moins de J\u00e9hovah<\/title>\n<meta name=\"description\" content=\"Le tribunal de district de Zurich donne raison \u00e0 une experte en sectes sur sa critique s\u00e9v\u00e8re envers les T\u00e9moins de J\u00e9hovah dans le Tages Anzeiger\" \/>\n<meta name=\"robots\" content=\"index, follow, max-snippet:-1, max-image-preview:large, max-video-preview:-1\" \/>\n<link rel=\"canonical\" href=\"https:\/\/www.jwinfo.ch\/temoins-de-jehovah\/2021\/06\/la-cour-regionale-de-zurich-donne-raison-a-une-experte-en-sectes-sur-sa-critique-severe-envers-les-temoins-de-jehovah-dans-le-tages-anzeiger\/\" \/>\n<meta property=\"og:locale\" content=\"fr_FR\" \/>\n<meta property=\"og:type\" content=\"article\" \/>\n<meta property=\"og:title\" content=\"Jugement in\u00e9dit en Suisse envers les T\u00e9moins de J\u00e9hovah\" \/>\n<meta property=\"og:description\" content=\"Le tribunal de district de Zurich donne raison \u00e0 une experte en sectes sur sa critique s\u00e9v\u00e8re envers les T\u00e9moins de J\u00e9hovah dans le Tages Anzeiger\" \/>\n<meta property=\"og:url\" content=\"https:\/\/www.jwinfo.ch\/temoins-de-jehovah\/2021\/06\/la-cour-regionale-de-zurich-donne-raison-a-une-experte-en-sectes-sur-sa-critique-severe-envers-les-temoins-de-jehovah-dans-le-tages-anzeiger\/\" \/>\n<meta property=\"og:site_name\" content=\"JW info\" \/>\n<meta property=\"article:published_time\" content=\"2021-06-08T07:00:16+00:00\" \/>\n<meta property=\"article:modified_time\" content=\"2023-09-28T14:57:01+00:00\" \/>\n<meta property=\"og:image\" content=\"https:\/\/www.jwinfo.ch\/wp-content\/uploads\/2021\/06\/justice_zurich.png\" \/>\n\t<meta property=\"og:image:width\" content=\"1200\" \/>\n\t<meta property=\"og:image:height\" content=\"628\" \/>\n\t<meta property=\"og:image:type\" content=\"image\/png\" \/>\n<meta name=\"author\" content=\"Christophe\" \/>\n<meta name=\"twitter:card\" content=\"summary_large_image\" \/>\n<meta name=\"twitter:title\" content=\"Jugement in\u00e9dit en Suisse envers les T\u00e9moins de J\u00e9hovah\" \/>\n<meta name=\"twitter:description\" content=\"Le tribunal de district de Zurich donne raison \u00e0 une experte en sectes sur sa critique s\u00e9v\u00e8re envers les T\u00e9moins de J\u00e9hovah dans le Tages Anzeiger\" \/>\n<meta name=\"twitter:image\" content=\"https:\/\/www.jwinfo.ch\/wp-content\/uploads\/2021\/06\/justice_zurich.png\" \/>\n<meta name=\"twitter:label1\" content=\"\u00c9crit par\" \/>\n\t<meta name=\"twitter:data1\" content=\"Christophe\" \/>\n\t<meta name=\"twitter:label2\" content=\"Dur\u00e9e de lecture estim\u00e9e\" \/>\n\t<meta name=\"twitter:data2\" content=\"2 minutes\" \/>\n<script type=\"application\/ld+json\" class=\"yoast-schema-graph\">{\"@context\":\"https:\\\/\\\/schema.org\",\"@graph\":[{\"@type\":\"Article\",\"@id\":\"https:\\\/\\\/www.jwinfo.ch\\\/temoins-de-jehovah\\\/2021\\\/06\\\/la-cour-regionale-de-zurich-donne-raison-a-une-experte-en-sectes-sur-sa-critique-severe-envers-les-temoins-de-jehovah-dans-le-tages-anzeiger\\\/#article\",\"isPartOf\":{\"@id\":\"https:\\\/\\\/www.jwinfo.ch\\\/temoins-de-jehovah\\\/2021\\\/06\\\/la-cour-regionale-de-zurich-donne-raison-a-une-experte-en-sectes-sur-sa-critique-severe-envers-les-temoins-de-jehovah-dans-le-tages-anzeiger\\\/\"},\"author\":{\"name\":\"Christophe\",\"@id\":\"https:\\\/\\\/www.jwinfo.ch\\\/temoins-de-jehovah\\\/#\\\/schema\\\/person\\\/09619885fb635859b3bb3ce9b9be60c6\"},\"headline\":\"Le tribunal de district de Zurich donne raison \u00e0 une experte en sectes sur sa critique s\u00e9v\u00e8re envers les T\u00e9moins de J\u00e9hovah dans le Tages Anzeiger\",\"datePublished\":\"2021-06-08T07:00:16+00:00\",\"dateModified\":\"2023-09-28T14:57:01+00:00\",\"mainEntityOfPage\":{\"@id\":\"https:\\\/\\\/www.jwinfo.ch\\\/temoins-de-jehovah\\\/2021\\\/06\\\/la-cour-regionale-de-zurich-donne-raison-a-une-experte-en-sectes-sur-sa-critique-severe-envers-les-temoins-de-jehovah-dans-le-tages-anzeiger\\\/\"},\"wordCount\":427,\"publisher\":{\"@id\":\"https:\\\/\\\/www.jwinfo.ch\\\/temoins-de-jehovah\\\/#\\\/schema\\\/person\\\/f12be02b67245c15c4aa98d63006b08e\"},\"image\":{\"@id\":\"https:\\\/\\\/www.jwinfo.ch\\\/temoins-de-jehovah\\\/2021\\\/06\\\/la-cour-regionale-de-zurich-donne-raison-a-une-experte-en-sectes-sur-sa-critique-severe-envers-les-temoins-de-jehovah-dans-le-tages-anzeiger\\\/#primaryimage\"},\"thumbnailUrl\":\"https:\\\/\\\/www.jwinfo.ch\\\/wp-content\\\/uploads\\\/2021\\\/06\\\/justice_zurich.png\",\"articleSection\":[\"Actualit\u00e9\",\"D\u00e9cisions de justice\",\"Ostracisme\",\"Suisse\"],\"inLanguage\":\"fr-FR\"},{\"@type\":\"WebPage\",\"@id\":\"https:\\\/\\\/www.jwinfo.ch\\\/temoins-de-jehovah\\\/2021\\\/06\\\/la-cour-regionale-de-zurich-donne-raison-a-une-experte-en-sectes-sur-sa-critique-severe-envers-les-temoins-de-jehovah-dans-le-tages-anzeiger\\\/\",\"url\":\"https:\\\/\\\/www.jwinfo.ch\\\/temoins-de-jehovah\\\/2021\\\/06\\\/la-cour-regionale-de-zurich-donne-raison-a-une-experte-en-sectes-sur-sa-critique-severe-envers-les-temoins-de-jehovah-dans-le-tages-anzeiger\\\/\",\"name\":\"Jugement in\u00e9dit en Suisse envers les T\u00e9moins de J\u00e9hovah\",\"isPartOf\":{\"@id\":\"https:\\\/\\\/www.jwinfo.ch\\\/temoins-de-jehovah\\\/#website\"},\"primaryImageOfPage\":{\"@id\":\"https:\\\/\\\/www.jwinfo.ch\\\/temoins-de-jehovah\\\/2021\\\/06\\\/la-cour-regionale-de-zurich-donne-raison-a-une-experte-en-sectes-sur-sa-critique-severe-envers-les-temoins-de-jehovah-dans-le-tages-anzeiger\\\/#primaryimage\"},\"image\":{\"@id\":\"https:\\\/\\\/www.jwinfo.ch\\\/temoins-de-jehovah\\\/2021\\\/06\\\/la-cour-regionale-de-zurich-donne-raison-a-une-experte-en-sectes-sur-sa-critique-severe-envers-les-temoins-de-jehovah-dans-le-tages-anzeiger\\\/#primaryimage\"},\"thumbnailUrl\":\"https:\\\/\\\/www.jwinfo.ch\\\/wp-content\\\/uploads\\\/2021\\\/06\\\/justice_zurich.png\",\"datePublished\":\"2021-06-08T07:00:16+00:00\",\"dateModified\":\"2023-09-28T14:57:01+00:00\",\"description\":\"Le tribunal de district de Zurich donne raison \u00e0 une experte en sectes sur sa critique s\u00e9v\u00e8re envers les T\u00e9moins de J\u00e9hovah dans le Tages Anzeiger\",\"breadcrumb\":{\"@id\":\"https:\\\/\\\/www.jwinfo.ch\\\/temoins-de-jehovah\\\/2021\\\/06\\\/la-cour-regionale-de-zurich-donne-raison-a-une-experte-en-sectes-sur-sa-critique-severe-envers-les-temoins-de-jehovah-dans-le-tages-anzeiger\\\/#breadcrumb\"},\"inLanguage\":\"fr-FR\",\"potentialAction\":[{\"@type\":\"ReadAction\",\"target\":[\"https:\\\/\\\/www.jwinfo.ch\\\/temoins-de-jehovah\\\/2021\\\/06\\\/la-cour-regionale-de-zurich-donne-raison-a-une-experte-en-sectes-sur-sa-critique-severe-envers-les-temoins-de-jehovah-dans-le-tages-anzeiger\\\/\"]}]},{\"@type\":\"ImageObject\",\"inLanguage\":\"fr-FR\",\"@id\":\"https:\\\/\\\/www.jwinfo.ch\\\/temoins-de-jehovah\\\/2021\\\/06\\\/la-cour-regionale-de-zurich-donne-raison-a-une-experte-en-sectes-sur-sa-critique-severe-envers-les-temoins-de-jehovah-dans-le-tages-anzeiger\\\/#primaryimage\",\"url\":\"https:\\\/\\\/www.jwinfo.ch\\\/wp-content\\\/uploads\\\/2021\\\/06\\\/justice_zurich.png\",\"contentUrl\":\"https:\\\/\\\/www.jwinfo.ch\\\/wp-content\\\/uploads\\\/2021\\\/06\\\/justice_zurich.png\",\"width\":1200,\"height\":628,\"caption\":\"D\u00e9cisions de justice en Suisse \u00e0 Zurich sur les T\u00e9moins de J\u00e9hovah\"},{\"@type\":\"BreadcrumbList\",\"@id\":\"https:\\\/\\\/www.jwinfo.ch\\\/temoins-de-jehovah\\\/2021\\\/06\\\/la-cour-regionale-de-zurich-donne-raison-a-une-experte-en-sectes-sur-sa-critique-severe-envers-les-temoins-de-jehovah-dans-le-tages-anzeiger\\\/#breadcrumb\",\"itemListElement\":[{\"@type\":\"ListItem\",\"position\":1,\"name\":\"Accueil\",\"item\":\"https:\\\/\\\/www.jwinfo.ch\\\/temoins-de-jehovah\\\/\"},{\"@type\":\"ListItem\",\"position\":2,\"name\":\"Le tribunal de district de Zurich donne raison \u00e0 une experte en sectes sur sa critique s\u00e9v\u00e8re envers les T\u00e9moins de J\u00e9hovah dans le Tages Anzeiger\"}]},{\"@type\":\"WebSite\",\"@id\":\"https:\\\/\\\/www.jwinfo.ch\\\/temoins-de-jehovah\\\/#website\",\"url\":\"https:\\\/\\\/www.jwinfo.ch\\\/temoins-de-jehovah\\\/\",\"name\":\"JW info\",\"description\":\"Des faits pour comprendre l&#039;organisation et la doctrine des T\u00e9moins de J\u00e9hovah\",\"publisher\":{\"@id\":\"https:\\\/\\\/www.jwinfo.ch\\\/temoins-de-jehovah\\\/#\\\/schema\\\/person\\\/f12be02b67245c15c4aa98d63006b08e\"},\"potentialAction\":[{\"@type\":\"SearchAction\",\"target\":{\"@type\":\"EntryPoint\",\"urlTemplate\":\"https:\\\/\\\/www.jwinfo.ch\\\/temoins-de-jehovah\\\/?s={search_term_string}\"},\"query-input\":{\"@type\":\"PropertyValueSpecification\",\"valueRequired\":true,\"valueName\":\"search_term_string\"}}],\"inLanguage\":\"fr-FR\"},{\"@type\":[\"Person\",\"Organization\"],\"@id\":\"https:\\\/\\\/www.jwinfo.ch\\\/temoins-de-jehovah\\\/#\\\/schema\\\/person\\\/f12be02b67245c15c4aa98d63006b08e\",\"name\":\"John Kucholl\",\"image\":{\"@type\":\"ImageObject\",\"inLanguage\":\"fr-FR\",\"@id\":\"https:\\\/\\\/secure.gravatar.com\\\/avatar\\\/f888e098f40f239395aac1fa5786df248e31c63f52895b4e4306f61faf896cf2?s=96&d=retro&r=g\",\"url\":\"https:\\\/\\\/secure.gravatar.com\\\/avatar\\\/f888e098f40f239395aac1fa5786df248e31c63f52895b4e4306f61faf896cf2?s=96&d=retro&r=g\",\"contentUrl\":\"https:\\\/\\\/secure.gravatar.com\\\/avatar\\\/f888e098f40f239395aac1fa5786df248e31c63f52895b4e4306f61faf896cf2?s=96&d=retro&r=g\",\"caption\":\"John Kucholl\"},\"logo\":{\"@id\":\"https:\\\/\\\/secure.gravatar.com\\\/avatar\\\/f888e098f40f239395aac1fa5786df248e31c63f52895b4e4306f61faf896cf2?s=96&d=retro&r=g\"}},{\"@type\":\"Person\",\"@id\":\"https:\\\/\\\/www.jwinfo.ch\\\/temoins-de-jehovah\\\/#\\\/schema\\\/person\\\/09619885fb635859b3bb3ce9b9be60c6\",\"name\":\"Christophe\",\"image\":{\"@type\":\"ImageObject\",\"inLanguage\":\"fr-FR\",\"@id\":\"https:\\\/\\\/www.jwinfo.ch\\\/wp-content\\\/uploads\\\/2025\\\/06\\\/cropped-Kirito-sword-art-online-31698905-1280-720-96x96.webp0b4f592906a5a69539295448288e4ba4\",\"url\":\"https:\\\/\\\/www.jwinfo.ch\\\/wp-content\\\/uploads\\\/2025\\\/06\\\/cropped-Kirito-sword-art-online-31698905-1280-720-96x96.webp\",\"contentUrl\":\"https:\\\/\\\/www.jwinfo.ch\\\/wp-content\\\/uploads\\\/2025\\\/06\\\/cropped-Kirito-sword-art-online-31698905-1280-720-96x96.webp\",\"caption\":\"Christophe\"},\"description\":\"J'ai grandi dans l'environnement des T\u00e9moins de J\u00e9hovah. Je me suis fait baptiser \u00e0 l'\u00e2ge de 16 ans, puis je me suis retir\u00e9 volontairement \u00e0 l'\u00e2ge de 37 ans, \u00e0 la suite d'une grande remise en question et d'intenses recherches, compil\u00e9es sur ce site. Etant passionn\u00e9 dans le m\u00e9tier de l'informatique, je voulais aussi offrir un site ergonomique. J'ai d\u00e9cid\u00e9 de conscientiser autour de ce sujet avec une approche constructive et objective, ne gardant de loin pas que de mauvais souvenirs, m\u00eame si mon cercle social c'est dramatiquement r\u00e9duit depuis. Aujourd'hui agnostique, je pr\u00e9f\u00e8re profiter de l'instant pr\u00e9sent, sans pr\u00e9jug\u00e9s ni biais. Mon cr\u00e9do? \\\"Refaites vos choix\\\", tir\u00e9 du roman Hyperion de Dan Simmons. Autrement dit, d'avoir la capacit\u00e9 et le plaisir de se remettre en question r\u00e9guli\u00e8rement, pour refaire un m\u00eame choix ou de changer de direction si n\u00e9cessaire.\",\"sameAs\":[\"https:\\\/\\\/www.jwinfo.ch\\\/temoins-de-jehovah\\\/\"]}]}<\/script>\n<!-- \/ Yoast SEO plugin. -->","yoast_head_json":{"title":"Jugement in\u00e9dit en Suisse envers les T\u00e9moins de J\u00e9hovah","description":"Le tribunal de district de Zurich donne raison \u00e0 une experte en sectes sur sa critique s\u00e9v\u00e8re envers les T\u00e9moins de J\u00e9hovah dans le Tages Anzeiger","robots":{"index":"index","follow":"follow","max-snippet":"max-snippet:-1","max-image-preview":"max-image-preview:large","max-video-preview":"max-video-preview:-1"},"canonical":"https:\/\/www.jwinfo.ch\/temoins-de-jehovah\/2021\/06\/la-cour-regionale-de-zurich-donne-raison-a-une-experte-en-sectes-sur-sa-critique-severe-envers-les-temoins-de-jehovah-dans-le-tages-anzeiger\/","og_locale":"fr_FR","og_type":"article","og_title":"Jugement in\u00e9dit en Suisse envers les T\u00e9moins de J\u00e9hovah","og_description":"Le tribunal de district de Zurich donne raison \u00e0 une experte en sectes sur sa critique s\u00e9v\u00e8re envers les T\u00e9moins de J\u00e9hovah dans le Tages Anzeiger","og_url":"https:\/\/www.jwinfo.ch\/temoins-de-jehovah\/2021\/06\/la-cour-regionale-de-zurich-donne-raison-a-une-experte-en-sectes-sur-sa-critique-severe-envers-les-temoins-de-jehovah-dans-le-tages-anzeiger\/","og_site_name":"JW info","article_published_time":"2021-06-08T07:00:16+00:00","article_modified_time":"2023-09-28T14:57:01+00:00","og_image":[{"width":1200,"height":628,"url":"https:\/\/www.jwinfo.ch\/wp-content\/uploads\/2021\/06\/justice_zurich.png","type":"image\/png"}],"author":"Christophe","twitter_card":"summary_large_image","twitter_title":"Jugement in\u00e9dit en Suisse envers les T\u00e9moins de J\u00e9hovah","twitter_description":"Le tribunal de district de Zurich donne raison \u00e0 une experte en sectes sur sa critique s\u00e9v\u00e8re envers les T\u00e9moins de J\u00e9hovah dans le Tages Anzeiger","twitter_image":"https:\/\/www.jwinfo.ch\/wp-content\/uploads\/2021\/06\/justice_zurich.png","twitter_misc":{"\u00c9crit par":"Christophe","Dur\u00e9e de lecture estim\u00e9e":"2 minutes"},"schema":{"@context":"https:\/\/schema.org","@graph":[{"@type":"Article","@id":"https:\/\/www.jwinfo.ch\/temoins-de-jehovah\/2021\/06\/la-cour-regionale-de-zurich-donne-raison-a-une-experte-en-sectes-sur-sa-critique-severe-envers-les-temoins-de-jehovah-dans-le-tages-anzeiger\/#article","isPartOf":{"@id":"https:\/\/www.jwinfo.ch\/temoins-de-jehovah\/2021\/06\/la-cour-regionale-de-zurich-donne-raison-a-une-experte-en-sectes-sur-sa-critique-severe-envers-les-temoins-de-jehovah-dans-le-tages-anzeiger\/"},"author":{"name":"Christophe","@id":"https:\/\/www.jwinfo.ch\/temoins-de-jehovah\/#\/schema\/person\/09619885fb635859b3bb3ce9b9be60c6"},"headline":"Le tribunal de district de Zurich donne raison \u00e0 une experte en sectes sur sa critique s\u00e9v\u00e8re envers les T\u00e9moins de J\u00e9hovah dans le Tages Anzeiger","datePublished":"2021-06-08T07:00:16+00:00","dateModified":"2023-09-28T14:57:01+00:00","mainEntityOfPage":{"@id":"https:\/\/www.jwinfo.ch\/temoins-de-jehovah\/2021\/06\/la-cour-regionale-de-zurich-donne-raison-a-une-experte-en-sectes-sur-sa-critique-severe-envers-les-temoins-de-jehovah-dans-le-tages-anzeiger\/"},"wordCount":427,"publisher":{"@id":"https:\/\/www.jwinfo.ch\/temoins-de-jehovah\/#\/schema\/person\/f12be02b67245c15c4aa98d63006b08e"},"image":{"@id":"https:\/\/www.jwinfo.ch\/temoins-de-jehovah\/2021\/06\/la-cour-regionale-de-zurich-donne-raison-a-une-experte-en-sectes-sur-sa-critique-severe-envers-les-temoins-de-jehovah-dans-le-tages-anzeiger\/#primaryimage"},"thumbnailUrl":"https:\/\/www.jwinfo.ch\/wp-content\/uploads\/2021\/06\/justice_zurich.png","articleSection":["Actualit\u00e9","D\u00e9cisions de justice","Ostracisme","Suisse"],"inLanguage":"fr-FR"},{"@type":"WebPage","@id":"https:\/\/www.jwinfo.ch\/temoins-de-jehovah\/2021\/06\/la-cour-regionale-de-zurich-donne-raison-a-une-experte-en-sectes-sur-sa-critique-severe-envers-les-temoins-de-jehovah-dans-le-tages-anzeiger\/","url":"https:\/\/www.jwinfo.ch\/temoins-de-jehovah\/2021\/06\/la-cour-regionale-de-zurich-donne-raison-a-une-experte-en-sectes-sur-sa-critique-severe-envers-les-temoins-de-jehovah-dans-le-tages-anzeiger\/","name":"Jugement in\u00e9dit en Suisse envers les T\u00e9moins de J\u00e9hovah","isPartOf":{"@id":"https:\/\/www.jwinfo.ch\/temoins-de-jehovah\/#website"},"primaryImageOfPage":{"@id":"https:\/\/www.jwinfo.ch\/temoins-de-jehovah\/2021\/06\/la-cour-regionale-de-zurich-donne-raison-a-une-experte-en-sectes-sur-sa-critique-severe-envers-les-temoins-de-jehovah-dans-le-tages-anzeiger\/#primaryimage"},"image":{"@id":"https:\/\/www.jwinfo.ch\/temoins-de-jehovah\/2021\/06\/la-cour-regionale-de-zurich-donne-raison-a-une-experte-en-sectes-sur-sa-critique-severe-envers-les-temoins-de-jehovah-dans-le-tages-anzeiger\/#primaryimage"},"thumbnailUrl":"https:\/\/www.jwinfo.ch\/wp-content\/uploads\/2021\/06\/justice_zurich.png","datePublished":"2021-06-08T07:00:16+00:00","dateModified":"2023-09-28T14:57:01+00:00","description":"Le tribunal de district de Zurich donne raison \u00e0 une experte en sectes sur sa critique s\u00e9v\u00e8re envers les T\u00e9moins de J\u00e9hovah dans le Tages Anzeiger","breadcrumb":{"@id":"https:\/\/www.jwinfo.ch\/temoins-de-jehovah\/2021\/06\/la-cour-regionale-de-zurich-donne-raison-a-une-experte-en-sectes-sur-sa-critique-severe-envers-les-temoins-de-jehovah-dans-le-tages-anzeiger\/#breadcrumb"},"inLanguage":"fr-FR","potentialAction":[{"@type":"ReadAction","target":["https:\/\/www.jwinfo.ch\/temoins-de-jehovah\/2021\/06\/la-cour-regionale-de-zurich-donne-raison-a-une-experte-en-sectes-sur-sa-critique-severe-envers-les-temoins-de-jehovah-dans-le-tages-anzeiger\/"]}]},{"@type":"ImageObject","inLanguage":"fr-FR","@id":"https:\/\/www.jwinfo.ch\/temoins-de-jehovah\/2021\/06\/la-cour-regionale-de-zurich-donne-raison-a-une-experte-en-sectes-sur-sa-critique-severe-envers-les-temoins-de-jehovah-dans-le-tages-anzeiger\/#primaryimage","url":"https:\/\/www.jwinfo.ch\/wp-content\/uploads\/2021\/06\/justice_zurich.png","contentUrl":"https:\/\/www.jwinfo.ch\/wp-content\/uploads\/2021\/06\/justice_zurich.png","width":1200,"height":628,"caption":"D\u00e9cisions de justice en Suisse \u00e0 Zurich sur les T\u00e9moins de J\u00e9hovah"},{"@type":"BreadcrumbList","@id":"https:\/\/www.jwinfo.ch\/temoins-de-jehovah\/2021\/06\/la-cour-regionale-de-zurich-donne-raison-a-une-experte-en-sectes-sur-sa-critique-severe-envers-les-temoins-de-jehovah-dans-le-tages-anzeiger\/#breadcrumb","itemListElement":[{"@type":"ListItem","position":1,"name":"Accueil","item":"https:\/\/www.jwinfo.ch\/temoins-de-jehovah\/"},{"@type":"ListItem","position":2,"name":"Le tribunal de district de Zurich donne raison \u00e0 une experte en sectes sur sa critique s\u00e9v\u00e8re envers les T\u00e9moins de J\u00e9hovah dans le Tages Anzeiger"}]},{"@type":"WebSite","@id":"https:\/\/www.jwinfo.ch\/temoins-de-jehovah\/#website","url":"https:\/\/www.jwinfo.ch\/temoins-de-jehovah\/","name":"JW info","description":"Des faits pour comprendre l&#039;organisation et la doctrine des T\u00e9moins de J\u00e9hovah","publisher":{"@id":"https:\/\/www.jwinfo.ch\/temoins-de-jehovah\/#\/schema\/person\/f12be02b67245c15c4aa98d63006b08e"},"potentialAction":[{"@type":"SearchAction","target":{"@type":"EntryPoint","urlTemplate":"https:\/\/www.jwinfo.ch\/temoins-de-jehovah\/?s={search_term_string}"},"query-input":{"@type":"PropertyValueSpecification","valueRequired":true,"valueName":"search_term_string"}}],"inLanguage":"fr-FR"},{"@type":["Person","Organization"],"@id":"https:\/\/www.jwinfo.ch\/temoins-de-jehovah\/#\/schema\/person\/f12be02b67245c15c4aa98d63006b08e","name":"John Kucholl","image":{"@type":"ImageObject","inLanguage":"fr-FR","@id":"https:\/\/secure.gravatar.com\/avatar\/f888e098f40f239395aac1fa5786df248e31c63f52895b4e4306f61faf896cf2?s=96&d=retro&r=g","url":"https:\/\/secure.gravatar.com\/avatar\/f888e098f40f239395aac1fa5786df248e31c63f52895b4e4306f61faf896cf2?s=96&d=retro&r=g","contentUrl":"https:\/\/secure.gravatar.com\/avatar\/f888e098f40f239395aac1fa5786df248e31c63f52895b4e4306f61faf896cf2?s=96&d=retro&r=g","caption":"John Kucholl"},"logo":{"@id":"https:\/\/secure.gravatar.com\/avatar\/f888e098f40f239395aac1fa5786df248e31c63f52895b4e4306f61faf896cf2?s=96&d=retro&r=g"}},{"@type":"Person","@id":"https:\/\/www.jwinfo.ch\/temoins-de-jehovah\/#\/schema\/person\/09619885fb635859b3bb3ce9b9be60c6","name":"Christophe","image":{"@type":"ImageObject","inLanguage":"fr-FR","@id":"https:\/\/www.jwinfo.ch\/wp-content\/uploads\/2025\/06\/cropped-Kirito-sword-art-online-31698905-1280-720-96x96.webp0b4f592906a5a69539295448288e4ba4","url":"https:\/\/www.jwinfo.ch\/wp-content\/uploads\/2025\/06\/cropped-Kirito-sword-art-online-31698905-1280-720-96x96.webp","contentUrl":"https:\/\/www.jwinfo.ch\/wp-content\/uploads\/2025\/06\/cropped-Kirito-sword-art-online-31698905-1280-720-96x96.webp","caption":"Christophe"},"description":"J'ai grandi dans l'environnement des T\u00e9moins de J\u00e9hovah. Je me suis fait baptiser \u00e0 l'\u00e2ge de 16 ans, puis je me suis retir\u00e9 volontairement \u00e0 l'\u00e2ge de 37 ans, \u00e0 la suite d'une grande remise en question et d'intenses recherches, compil\u00e9es sur ce site. Etant passionn\u00e9 dans le m\u00e9tier de l'informatique, je voulais aussi offrir un site ergonomique. J'ai d\u00e9cid\u00e9 de conscientiser autour de ce sujet avec une approche constructive et objective, ne gardant de loin pas que de mauvais souvenirs, m\u00eame si mon cercle social c'est dramatiquement r\u00e9duit depuis. Aujourd'hui agnostique, je pr\u00e9f\u00e8re profiter de l'instant pr\u00e9sent, sans pr\u00e9jug\u00e9s ni biais. Mon cr\u00e9do? \"Refaites vos choix\", tir\u00e9 du roman Hyperion de Dan Simmons. Autrement dit, d'avoir la capacit\u00e9 et le plaisir de se remettre en question r\u00e9guli\u00e8rement, pour refaire un m\u00eame choix ou de changer de direction si n\u00e9cessaire.","sameAs":["https:\/\/www.jwinfo.ch\/temoins-de-jehovah\/"]}]}},"authors":[{"term_id":69,"user_id":1,"is_guest":0,"slug":"chris","display_name":"Christophe","avatar_url":"https:\/\/www.jwinfo.ch\/wp-content\/uploads\/2025\/06\/cropped-Kirito-sword-art-online-31698905-1280-720-96x96.webp","0":null,"1":"","2":"","3":"","4":"","5":"","6":"","7":"","8":""}],"_links":{"self":[{"href":"https:\/\/www.jwinfo.ch\/temoins-de-jehovah\/wp-json\/wp\/v2\/posts\/2080","targetHints":{"allow":["GET"]}}],"collection":[{"href":"https:\/\/www.jwinfo.ch\/temoins-de-jehovah\/wp-json\/wp\/v2\/posts"}],"about":[{"href":"https:\/\/www.jwinfo.ch\/temoins-de-jehovah\/wp-json\/wp\/v2\/types\/post"}],"author":[{"embeddable":true,"href":"https:\/\/www.jwinfo.ch\/temoins-de-jehovah\/wp-json\/wp\/v2\/users\/1"}],"replies":[{"embeddable":true,"href":"https:\/\/www.jwinfo.ch\/temoins-de-jehovah\/wp-json\/wp\/v2\/comments?post=2080"}],"version-history":[{"count":22,"href":"https:\/\/www.jwinfo.ch\/temoins-de-jehovah\/wp-json\/wp\/v2\/posts\/2080\/revisions"}],"predecessor-version":[{"id":4419,"href":"https:\/\/www.jwinfo.ch\/temoins-de-jehovah\/wp-json\/wp\/v2\/posts\/2080\/revisions\/4419"}],"wp:featuredmedia":[{"embeddable":true,"href":"https:\/\/www.jwinfo.ch\/temoins-de-jehovah\/wp-json\/wp\/v2\/media\/4282"}],"wp:attachment":[{"href":"https:\/\/www.jwinfo.ch\/temoins-de-jehovah\/wp-json\/wp\/v2\/media?parent=2080"}],"wp:term":[{"taxonomy":"category","embeddable":true,"href":"https:\/\/www.jwinfo.ch\/temoins-de-jehovah\/wp-json\/wp\/v2\/categories?post=2080"},{"taxonomy":"post_tag","embeddable":true,"href":"https:\/\/www.jwinfo.ch\/temoins-de-jehovah\/wp-json\/wp\/v2\/tags?post=2080"},{"taxonomy":"author","embeddable":true,"href":"https:\/\/www.jwinfo.ch\/temoins-de-jehovah\/wp-json\/wp\/v2\/ppma_author?post=2080"}],"curies":[{"name":"wp","href":"https:\/\/api.w.org\/{rel}","templated":true}]}}